{"id":296,"date":"2013-03-13T13:54:56","date_gmt":"2013-03-13T12:54:56","guid":{"rendered":"https:\/\/allergiejagis.fr\/?p=296"},"modified":"2013-03-18T17:51:47","modified_gmt":"2013-03-18T16:51:47","slug":"en-parler","status":"publish","type":"post","link":"https:\/\/allergiejagis.fr\/?p=296","title":{"rendered":"En parler"},"content":{"rendered":"<p>\u00catre allergique n\u2019est pas une honte quand on sait qu\u20191 personne sur 3 n\u00e9e apr\u00e8s 1980 est allergique et que 40% de la population europ\u00e9enne le sera en 2040<a href=\"#note-n1\"><sup>[1]<\/sup><\/a> ! C\u2019est m\u00eame assez banal. Et pourtant beaucoup de jeunes allergiques refusent d\u2019en parler \u00e0 leurs amis. Alors que plus de la moiti\u00e9 des jeunes <a title=\"L\u2019allergie alimentaire\" href=\"\/lallergie-alimentaire\/\">allergiques alimentaires<\/a> (68%) admettent \u00ab qu\u2019\u00e9duquer \u00bb leurs proches rendrait leur allergie plus facile \u00e0 vivre<a name=\"note_n2\"><\/a><a href=\"#note-n2\"><sup>[2]<\/sup><\/a>.<\/p>\n","protected":false},"excerpt":{"rendered":"<p>\u00catre allergique n\u2019est pas une honte quand on sait qu\u20191 personne sur 3 n\u00e9e apr\u00e8s 1980 est allergique et que 40% de la population europ\u00e9enne le sera en 2040[1] ! C\u2019est m\u00eame assez banal. Et pourtant beaucoup de jeunes allergiques refusent d\u2019en parler \u00e0 leurs amis. Alors que plus de la moiti\u00e9 des jeunes allergiques [&hellip;]<\/p>\n","protected":false},"author":2,"featured_media":915,"comment_status":"open","ping_status":"open","sticky":false,"template":"","format":"standard","meta":{"_acf_changed":false,"jetpack_post_was_ever_published":false,"_jetpack_newsletter_access":"","_jetpack_dont_email_post_to_subs":false,"_jetpack_newsletter_tier_id":0,"_jetpack_memberships_contains_paywalled_content":false,"_jetpack_memberships_contains_paid_content":false,"footnotes":"","jetpack_publicize_message":"","jetpack_publicize_feature_enabled":true,"jetpack_social_post_already_shared":false,"jetpack_social_options":{"image_generator_settings":{"template":"highway","default_image_id":0,"font":"","enabled":false},"version":2}},"categories":[17],"tags":[],"class_list":["post-296","post","type-post","status-publish","format-standard","has-post-thumbnail","hentry","category-etre-jeune-et-allergique"],"acf":[],"jetpack_publicize_connections":[],"jetpack_featured_media_url":"https:\/\/allergiejagis.fr\/wp-content\/uploads\/Fotolia_30834576_S3.jpg","jetpack_sharing_enabled":true,"jetpack_shortlink":"https:\/\/wp.me\/p6hvoB-4M","_links":{"self":[{"href":"https:\/\/allergiejagis.fr\/index.php?rest_route=\/wp\/v2\/posts\/296","targetHints":{"allow":["GET"]}}],"collection":[{"href":"https:\/\/allergiejagis.fr\/index.php?rest_route=\/wp\/v2\/posts"}],"about":[{"href":"https:\/\/allergiejagis.fr\/index.php?rest_route=\/wp\/v2\/types\/post"}],"author":[{"embeddable":true,"href":"https:\/\/allergiejagis.fr\/index.php?rest_route=\/wp\/v2\/users\/2"}],"replies":[{"embeddable":true,"href":"https:\/\/allergiejagis.fr\/index.php?rest_route=%2Fwp%2Fv2%2Fcomments&post=296"}],"version-history":[{"count":0,"href":"https:\/\/allergiejagis.fr\/index.php?rest_route=\/wp\/v2\/posts\/296\/revisions"}],"wp:featuredmedia":[{"embeddable":true,"href":"https:\/\/allergiejagis.fr\/index.php?rest_route=\/wp\/v2\/media\/915"}],"wp:attachment":[{"href":"https:\/\/allergiejagis.fr\/index.php?rest_route=%2Fwp%2Fv2%2Fmedia&parent=296"}],"wp:term":[{"taxonomy":"category","embeddable":true,"href":"https:\/\/allergiejagis.fr\/index.php?rest_route=%2Fwp%2Fv2%2Fcategories&post=296"},{"taxonomy":"post_tag","embeddable":true,"href":"https:\/\/allergiejagis.fr\/index.php?rest_route=%2Fwp%2Fv2%2Ftags&post=296"}],"curies":[{"name":"wp","href":"https:\/\/api.w.org\/{rel}","templated":true}]}}