{"id":1488,"date":"2013-03-25T16:53:38","date_gmt":"2013-03-25T15:53:38","guid":{"rendered":"https:\/\/allergiejagis.fr\/?p=1488"},"modified":"2017-12-07T14:02:15","modified_gmt":"2017-12-07T13:02:15","slug":"je-suis-allergique-a-la-fois-aux-crevettes-et-aux-acariens-pourquoi","status":"publish","type":"post","link":"https:\/\/allergiejagis.fr\/?p=1488","title":{"rendered":"Je suis allergique \u00e0 la fois aux crevettes et aux acariens, pourquoi?"},"content":{"rendered":"<p>Vous avez peut \u00eatre ce qu&rsquo;on appelle une \u00ab\u00a0allergie crois\u00e9e\u00a0\u00bb: vous \u00eatre allergique \u00e0 une prot\u00e9ine contenue dans les acariens, \u00e9galement pr\u00e9sente dans les crevettes! Vous r\u00e9agissez donc aux 2, de fa\u00e7on diff\u00e9rente car le contact se fait diff\u00e9remment (par les voies respiratoires pour les acariens, et par la bouche avec les crevettes). Il peut y avoir un risque de r\u00e9agir aussi en mangeant du crabe, ou des escargots, qui contiennent la m\u00eame prot\u00e9ine.<\/p>\n<p>&nbsp;<\/p>\n","protected":false},"excerpt":{"rendered":"<p>Vous avez peut \u00eatre ce qu&rsquo;on appelle une \u00ab\u00a0allergie crois\u00e9e\u00a0\u00bb: vous \u00eatre allergique \u00e0 une prot\u00e9ine contenue dans les acariens, \u00e9galement pr\u00e9sente dans les crevettes! Vous r\u00e9agissez donc aux 2, de fa\u00e7on diff\u00e9rente car le contact se fait diff\u00e9remment (par les voies respiratoires pour les acariens, et par la bouche avec les crevettes). Il peut [&hellip;]<\/p>\n","protected":false},"author":2,"featured_media":0,"comment_status":"open","ping_status":"open","sticky":false,"template":"","format":"standard","meta":{"_acf_changed":false,"jetpack_post_was_ever_published":false,"_jetpack_newsletter_access":"","_jetpack_dont_email_post_to_subs":false,"_jetpack_newsletter_tier_id":0,"_jetpack_memberships_contains_paywalled_content":false,"_jetpack_memberships_contains_paid_content":false,"footnotes":"","jetpack_publicize_message":"","jetpack_publicize_feature_enabled":true,"jetpack_social_post_already_shared":false,"jetpack_social_options":{"image_generator_settings":{"template":"highway","default_image_id":0,"font":"","enabled":false},"version":2}},"categories":[6],"tags":[],"class_list":["post-1488","post","type-post","status-publish","format-standard","hentry","category-questions-jfa"],"acf":[],"jetpack_publicize_connections":[],"jetpack_featured_media_url":"","jetpack_sharing_enabled":true,"jetpack_shortlink":"https:\/\/wp.me\/p6hvoB-o0","_links":{"self":[{"href":"https:\/\/allergiejagis.fr\/index.php?rest_route=\/wp\/v2\/posts\/1488","targetHints":{"allow":["GET"]}}],"collection":[{"href":"https:\/\/allergiejagis.fr\/index.php?rest_route=\/wp\/v2\/posts"}],"about":[{"href":"https:\/\/allergiejagis.fr\/index.php?rest_route=\/wp\/v2\/types\/post"}],"author":[{"embeddable":true,"href":"https:\/\/allergiejagis.fr\/index.php?rest_route=\/wp\/v2\/users\/2"}],"replies":[{"embeddable":true,"href":"https:\/\/allergiejagis.fr\/index.php?rest_route=%2Fwp%2Fv2%2Fcomments&post=1488"}],"version-history":[{"count":0,"href":"https:\/\/allergiejagis.fr\/index.php?rest_route=\/wp\/v2\/posts\/1488\/revisions"}],"wp:attachment":[{"href":"https:\/\/allergiejagis.fr\/index.php?rest_route=%2Fwp%2Fv2%2Fmedia&parent=1488"}],"wp:term":[{"taxonomy":"category","embeddable":true,"href":"https:\/\/allergiejagis.fr\/index.php?rest_route=%2Fwp%2Fv2%2Fcategories&post=1488"},{"taxonomy":"post_tag","embeddable":true,"href":"https:\/\/allergiejagis.fr\/index.php?rest_route=%2Fwp%2Fv2%2Ftags&post=1488"}],"curies":[{"name":"wp","href":"https:\/\/api.w.org\/{rel}","templated":true}]}}