{"id":1373,"date":"2013-03-25T14:32:43","date_gmt":"2013-03-25T13:32:43","guid":{"rendered":"https:\/\/allergiejagis.fr\/?p=1373"},"modified":"2017-12-07T14:02:26","modified_gmt":"2017-12-07T13:02:26","slug":"les-allergologues-prives-peuvent-ils-pratiquer-les-desensibilisations-ou-faut-il-imperativement-aller-dans-un-chu","status":"publish","type":"post","link":"https:\/\/allergiejagis.fr\/?p=1373","title":{"rendered":"Les allergologues priv\u00e9s peuvent-ils pratiquer les d\u00e9sensibilisations ou faut-il imp\u00e9rativement aller dans un CHU ?"},"content":{"rendered":"<p>Les allergologues sont tous habilit\u00e9s \u00e0 conduire des traitements de d\u00e9sensibilisation.<\/p>\n","protected":false},"excerpt":{"rendered":"<p>Les allergologues sont tous habilit\u00e9s \u00e0 conduire des traitements de d\u00e9sensibilisation.<\/p>\n","protected":false},"author":2,"featured_media":0,"comment_status":"open","ping_status":"open","sticky":false,"template":"","format":"standard","meta":{"_acf_changed":false,"jetpack_post_was_ever_published":false,"_jetpack_newsletter_access":"","_jetpack_dont_email_post_to_subs":false,"_jetpack_newsletter_tier_id":0,"_jetpack_memberships_contains_paywalled_content":false,"_jetpack_memberships_contains_paid_content":false,"footnotes":"","jetpack_publicize_message":"","jetpack_publicize_feature_enabled":true,"jetpack_social_post_already_shared":false,"jetpack_social_options":{"image_generator_settings":{"template":"highway","default_image_id":0,"font":"","enabled":false},"version":2}},"categories":[6],"tags":[],"class_list":["post-1373","post","type-post","status-publish","format-standard","hentry","category-questions-jfa"],"acf":[],"jetpack_publicize_connections":[],"jetpack_featured_media_url":"","jetpack_sharing_enabled":true,"jetpack_shortlink":"https:\/\/wp.me\/p6hvoB-m9","_links":{"self":[{"href":"https:\/\/allergiejagis.fr\/index.php?rest_route=\/wp\/v2\/posts\/1373","targetHints":{"allow":["GET"]}}],"collection":[{"href":"https:\/\/allergiejagis.fr\/index.php?rest_route=\/wp\/v2\/posts"}],"about":[{"href":"https:\/\/allergiejagis.fr\/index.php?rest_route=\/wp\/v2\/types\/post"}],"author":[{"embeddable":true,"href":"https:\/\/allergiejagis.fr\/index.php?rest_route=\/wp\/v2\/users\/2"}],"replies":[{"embeddable":true,"href":"https:\/\/allergiejagis.fr\/index.php?rest_route=%2Fwp%2Fv2%2Fcomments&post=1373"}],"version-history":[{"count":0,"href":"https:\/\/allergiejagis.fr\/index.php?rest_route=\/wp\/v2\/posts\/1373\/revisions"}],"wp:attachment":[{"href":"https:\/\/allergiejagis.fr\/index.php?rest_route=%2Fwp%2Fv2%2Fmedia&parent=1373"}],"wp:term":[{"taxonomy":"category","embeddable":true,"href":"https:\/\/allergiejagis.fr\/index.php?rest_route=%2Fwp%2Fv2%2Fcategories&post=1373"},{"taxonomy":"post_tag","embeddable":true,"href":"https:\/\/allergiejagis.fr\/index.php?rest_route=%2Fwp%2Fv2%2Ftags&post=1373"}],"curies":[{"name":"wp","href":"https:\/\/api.w.org\/{rel}","templated":true}]}}